{"id":207,"date":"2016-07-05T14:22:40","date_gmt":"2016-07-05T14:22:40","guid":{"rendered":"http:\/\/aigua.coop\/es\/noticies\/aigua-coop-a-la-jornada-cooperatives-el-poder-dactuar-per-un-futur-mes-sostenible\/"},"modified":"2016-08-08T12:16:18","modified_gmt":"2016-08-08T12:16:18","slug":"aigua-coop-en-la-jornada-cooperativas-el-poder-de-actuar-por-un-futuro-mas-sostenible","status":"publish","type":"post","link":"http:\/\/aigua.coop\/es\/noticies\/aigua-coop-en-la-jornada-cooperativas-el-poder-de-actuar-por-un-futuro-mas-sostenible\/","title":{"rendered":"Aigua.Coop en la jornada &#8216;Cooperativas: el poder de actuar por un futuro m\u00e1s sostenible&#8217;"},"content":{"rendered":"<p>El pr\u00f3ximo 7 de julio se celebrar\u00e1 en el Palau Robert de Barcelona la jornada<strong> &#8216;Cooperativas: el poder de actuar por un futuro m\u00e1s sostenible&#8217;<\/strong>, enmarcada en el reciente D\u00eda Internacional de las Cooperativas. Se trata de un importante encuentro del sector cooperativo catal\u00e1n y de representantes de otras entidades y colectivos que trabajan por modelos de gesti\u00f3n al servicio del ciudadano. Adem\u00e1s, este a\u00f1o la jornada se centra en la campa\u00f1a de las Naciones Unidas por el D\u00eda Internacional de las Cooperativas, enfocada hacia el concepto de desarrollo sostenible.<\/p>\n<p>Durante la jornada, la Comunidad Minera Olesana tendr\u00e1 una participaci\u00f3n destacada en la mesa de debate &#8216;Consumir, gestionar y producir de otra manera es posible&#8217;, haciendo referencia a este nuevo modelo de gesti\u00f3n y consumo que puede permitir un desarrollo m\u00e1s sostenible a todos los niveles. <strong>Joan Ar\u00e9valo representar\u00e1 a la Comunidad Minera Olesana y Agua.Coop<\/strong> participando en la mesa para hablar de servicios b\u00e1sicos y universales, poniendo como principal ejemplo el agua. Tambi\u00e9n participar\u00e1n Coop57 Catalunya (finanzas sociales e inclusivas), Grupo La Paz (vida y h\u00e1bitos saludables), Girona Fruits (alimentaci\u00f3n sana y de proximiadad) y La Drecera (servicios a las personas).<\/p>\n<p><strong>Joan Vidal<\/strong>, director general de Econom\u00eda Social, Tercera Sector, Cooperativas y Autoempresa ser\u00e1 el encargado de dar la bienvenida institucional a todos los asistentes. Posteriormente, <strong>Eduard Sagarra i Tries<\/strong>, presidente de la Asociaci\u00f3n para las Naciones Unidas en Espa\u00f1a, realizar\u00e1 una introducci\u00f3n sobre los objetivos de desarrollo sostenible que se marca la organizaci\u00f3n internacional.<\/p>\n<p>Antes de la mesa de debate, el presidente de la Confederaci\u00f3 de Cooperatives de Catalunya, <strong>Perfecto Alonso<\/strong>, hablar\u00e1 de principios cooperativos y desarrollo sostenible.<\/p>\n<p>Una vez finalizada la mesa de debate todav\u00eda habr\u00e1 espacio para tres momentos que finalizar\u00e1n la ma\u00f1ana de jornada. En primer lugar <strong>Jordi Via<\/strong>, del Comisionado de Econom\u00eda Cooperativa, Social y Solidaria y Consumo del Ayuntamiento de Barcelona, realizar\u00e1 una charla sobre <strong>cooperativismo y territorio.<\/strong><\/p>\n<p>Posteriormente se realizar\u00e1 la lectura del<strong> manifiesto de la ACI<\/strong>, a cargo de Xavier Palos, presidente de la Fundaci\u00f3 Roca Gal\u00e9s. El cierre de la jornada lo realizar\u00e1 la consellera de Trabajo, Asuntos sociales y familia, Dolors Bassa, que pondr\u00e1 fin a una jornada de cooperativismo que marcar\u00e1 objetivos de presente y futuro para el sector cooperativo.<\/p>\n<p><strong><em><a href=\"http:\/\/aracoop.coop\/wp-content\/uploads\/Programa-Acte-Dia-Internacional-de-les-Cooperatives.pdf\">Consulta todo el programa de la jornada<\/a><\/em><\/strong><\/p>\n<p>&nbsp;<\/p>\n<img loading=\"lazy\" class=\"size-full wp-image-159 aligncenter\" src=\"http:\/\/aigua.coop\/wp-content\/uploads\/2016\/07\/objectius_desenvolupament_sostenible-696.jpg\" alt=\"objectius_desenvolupament_sostenible-696\" width=\"600\" height=\"433\" srcset=\"http:\/\/aigua.coop\/wp-content\/uploads\/2016\/07\/objectius_desenvolupament_sostenible-696.jpg 600w, http:\/\/aigua.coop\/wp-content\/uploads\/2016\/07\/objectius_desenvolupament_sostenible-696-300x217.jpg 300w\" sizes=\"(max-width: 600px) 100vw, 600px\" \/>\n","protected":false},"excerpt":{"rendered":"<p>El pr\u00f3ximo 7 de julio se celebrar\u00e1 en el Palau Robert de Barcelona la jornada &#8216;Cooperativas: el poder de actuar por un futuro m\u00e1s sostenible&#8217;, enmarcada en el reciente D\u00eda Internacional de las Cooperativas. Se trata de un importante encuentro del sector cooperativo catal\u00e1n y de representantes de otras entidades y colectivos que trabajan por&#8230;<\/p>\n","protected":false},"author":2,"featured_media":0,"comment_status":"open","ping_status":"open","sticky":false,"template":"","format":"standard","meta":[],"categories":[9],"tags":[],"_links":{"self":[{"href":"http:\/\/aigua.coop\/es\/wp-json\/wp\/v2\/posts\/207"}],"collection":[{"href":"http:\/\/aigua.coop\/es\/wp-json\/wp\/v2\/posts"}],"about":[{"href":"http:\/\/aigua.coop\/es\/wp-json\/wp\/v2\/types\/post"}],"author":[{"embeddable":true,"href":"http:\/\/aigua.coop\/es\/wp-json\/wp\/v2\/users\/2"}],"replies":[{"embeddable":true,"href":"http:\/\/aigua.coop\/es\/wp-json\/wp\/v2\/comments?post=207"}],"version-history":[{"count":4,"href":"http:\/\/aigua.coop\/es\/wp-json\/wp\/v2\/posts\/207\/revisions"}],"predecessor-version":[{"id":211,"href":"http:\/\/aigua.coop\/es\/wp-json\/wp\/v2\/posts\/207\/revisions\/211"}],"wp:attachment":[{"href":"http:\/\/aigua.coop\/es\/wp-json\/wp\/v2\/media?parent=207"}],"wp:term":[{"taxonomy":"category","embeddable":true,"href":"http:\/\/aigua.coop\/es\/wp-json\/wp\/v2\/categories?post=207"},{"taxonomy":"post_tag","embeddable":true,"href":"http:\/\/aigua.coop\/es\/wp-json\/wp\/v2\/tags?post=207"}],"curies":[{"name":"wp","href":"https:\/\/api.w.org\/{rel}","templated":true}]}}