{"id":212,"date":"2016-08-09T16:06:54","date_gmt":"2016-08-09T16:06:54","guid":{"rendered":"http:\/\/aigua.coop\/es\/?p=212"},"modified":"2016-08-09T16:06:54","modified_gmt":"2016-08-09T16:06:54","slug":"agua-y-economia-social-presentes-en-la-jornada-cooperativas-el-poder-de-actuar-por-un-futuro-mas-sostenible","status":"publish","type":"post","link":"http:\/\/aigua.coop\/es\/noticies\/agua-y-economia-social-presentes-en-la-jornada-cooperativas-el-poder-de-actuar-por-un-futuro-mas-sostenible\/","title":{"rendered":"Agua y econom\u00eda social presentes en la jornada &#8216;Cooperativas, el poder de actuar por un futuro m\u00e1s sostenible&#8217;"},"content":{"rendered":"<p>El pasado jueves 7 de julio se celebr\u00f3 en el <strong>Palau Robert de Barcelona<\/strong> la jornada<strong> &#8216;Cooperativas: el poder de actuar por un futuro m\u00e1s sostenible&#8217;<\/strong>, enmarcada en el reciente D\u00eda Internacional de las Cooperativas. La ma\u00f1ana se convirti\u00f3 en un importante encuentro del sector cooperativo catal\u00e1n y de representantes de otras entidades y colectivos que trabajan por modelos de gesti\u00f3n al servicio del ciudadano.<\/p>\n<p>Adem\u00e1s, este a\u00f1o la jornada se centr\u00f3 en la<strong> campa\u00f1a de las Naciones Unidas para el D\u00eda Internacional de las Cooperativas<\/strong>, enfocada hacia el concepto de desarrollo sostenible. Aigua.Coop y la Comunidad Minera Olesana tuvieron una participaci\u00f3n destacada en la mesa de debate &#8216;Consumir, gestionar y producir de otra forma es posible&#8217;, haciendo referencia a este nuevo modelo de gesti\u00f3n y consumo que puede permitir un desarrollo m\u00e1s sostenible a todos los niveles.<\/p>\n<p><strong>Joan Ar\u00e9valo<\/strong>, en representaci\u00f3n de Aigua.Coop y de la Comunidad Minera Olesana, particip\u00f3 en la mesa para hablar de servicios b\u00e1sicos y universales, poniendo como principal ejemplo el agua. Ar\u00e9valo defendi\u00f3 durante su intervenci\u00f3n que &#8220;el suministro de agua no es una mercanc\u00eda, es un servicio&#8221;, y se refiri\u00f3 a conceptos clave como la &#8220;eficiencia&#8221;, &#8220;la no p\u00e9rdida de agua&#8221; o la &#8220;reinversi\u00f3n&#8221; para un futuro sostenible.<\/p>\n<p>Tambi\u00e9n participaron representantes de Coop57 Catalunya (finanzas sociales e inclusivas), Grupo La Paz (vida y h\u00e1bitos saludables), Girona Fruits (alimentaci\u00f3n sana y de proximidad) y La Drecera (servicios a las personas), y todos coincidieron en el papel relevante que deben tener las cooperativas y la econom\u00eda social pera un desarrollo sostenibles en el futuro.<\/p>\n<img loading=\"lazy\" class=\"aligncenter size-full wp-image-176\" src=\"http:\/\/aigua.coop\/wp-content\/uploads\/2016\/07\/7juliol.jpg\" alt=\"7juliol\" width=\"501\" height=\"360\" srcset=\"http:\/\/aigua.coop\/wp-content\/uploads\/2016\/07\/7juliol.jpg 501w, http:\/\/aigua.coop\/wp-content\/uploads\/2016\/07\/7juliol-300x216.jpg 300w, http:\/\/aigua.coop\/wp-content\/uploads\/2016\/07\/7juliol-440x316.jpg 440w\" sizes=\"(max-width: 501px) 100vw, 501px\" \/>\n","protected":false},"excerpt":{"rendered":"<p>El pasado jueves 7 de julio se celebr\u00f3 en el Palau Robert de Barcelona la jornada &#8216;Cooperativas: el poder de actuar por un futuro m\u00e1s sostenible&#8217;, enmarcada en el reciente D\u00eda Internacional de las Cooperativas. La ma\u00f1ana se convirti\u00f3 en un importante encuentro del sector cooperativo catal\u00e1n y de representantes de otras entidades y colectivos&#8230;<\/p>\n","protected":false},"author":2,"featured_media":0,"comment_status":"open","ping_status":"open","sticky":false,"template":"","format":"standard","meta":[],"categories":[9],"tags":[],"_links":{"self":[{"href":"http:\/\/aigua.coop\/es\/wp-json\/wp\/v2\/posts\/212"}],"collection":[{"href":"http:\/\/aigua.coop\/es\/wp-json\/wp\/v2\/posts"}],"about":[{"href":"http:\/\/aigua.coop\/es\/wp-json\/wp\/v2\/types\/post"}],"author":[{"embeddable":true,"href":"http:\/\/aigua.coop\/es\/wp-json\/wp\/v2\/users\/2"}],"replies":[{"embeddable":true,"href":"http:\/\/aigua.coop\/es\/wp-json\/wp\/v2\/comments?post=212"}],"version-history":[{"count":1,"href":"http:\/\/aigua.coop\/es\/wp-json\/wp\/v2\/posts\/212\/revisions"}],"predecessor-version":[{"id":213,"href":"http:\/\/aigua.coop\/es\/wp-json\/wp\/v2\/posts\/212\/revisions\/213"}],"wp:attachment":[{"href":"http:\/\/aigua.coop\/es\/wp-json\/wp\/v2\/media?parent=212"}],"wp:term":[{"taxonomy":"category","embeddable":true,"href":"http:\/\/aigua.coop\/es\/wp-json\/wp\/v2\/categories?post=212"},{"taxonomy":"post_tag","embeddable":true,"href":"http:\/\/aigua.coop\/es\/wp-json\/wp\/v2\/tags?post=212"}],"curies":[{"name":"wp","href":"https:\/\/api.w.org\/{rel}","templated":true}]}}