{"id":434,"date":"2017-08-27T21:25:56","date_gmt":"2017-08-27T21:25:56","guid":{"rendered":"http:\/\/aigua.coop\/es\/?p=434"},"modified":"2017-08-27T21:26:02","modified_gmt":"2017-08-27T21:26:02","slug":"el-modelo-de-la-comunitat-minera-olesana-en-el-congreso-internacional-de-agua-y-sostenibilidad","status":"publish","type":"post","link":"http:\/\/aigua.coop\/es\/noticies\/el-modelo-de-la-comunitat-minera-olesana-en-el-congreso-internacional-de-agua-y-sostenibilidad\/","title":{"rendered":"El modelo de la Comunitat Minera Olesana en el Congreso Internacional de Agua y Sostenibilidad"},"content":{"rendered":"<div>El pasado mes de junio se celebr\u00f3 en Terrassa (Barcelona) el <b>I Congreso Internacional del Agua y Sostenibilidad<\/b>. Esta primera edici\u00f3n tuvo como t\u00edtulo y tema central <i><b>&#8216;Tecnolog\u00eda y acceso al agua&#8217;<\/b><\/i>, y tuvo como principales objetivos la generaci\u00f3n de un espacio de debate y reflexi\u00f3n sobre el agua y su relevancia en el entorno, el medio ambiente y la sociedad.<\/div>\n<p class=\"\">As\u00ed, el Congreso se desarroll\u00f3 alrededor de cuatro puntos principales como fueron Aguas y Ciencia, <a class=\"alinks-link\" title=\"Ver m\u00e1s noticias sobre Cooperaci\u00f3n\" href=\"https:\/\/www.iagua.es\/noticias\/cooperacion\">Cooperaci\u00f3n<\/a> y Sostenibilidad, Agua y Educaci\u00f3n y Modelos de Gesti\u00f3n del Agua.<\/p>\n<p class=\"\">En este \u00faltimo punto, l<b>a Comunitat Minera <a class=\"alinks-link\" title=\"Comunitat Minera Olesana\" href=\"https:\/\/www.iagua.es\/comunitat-minera-olesan\">Olesana<\/a> apareci\u00f3 como ejemplo de modelo de gesti\u00f3n del agua<\/b>, bajo el modelo de gesti\u00f3n cooperativa.<\/p>\n<p class=\"\">Para la ocasi\u00f3n, Rosario Pastor y Rub\u00e9n Ant\u00fanez, ambos miembros de la <b>C\u00e1tedra\u00a0<a class=\"alinks-link\" title=\"UNESCO\" href=\"https:\/\/www.iagua.es\/unesco\">UNESCO<\/a> de Sostenibilidad de la Universidad Polit\u00e9cnica de Catalunya<\/b>, juntamente con Jordi Morat\u00f3, M\u00e1ster en Pol\u00edticas P\u00fablicas y Sociales de la <a class=\"alinks-link\" title=\"Universitat Pompeu Fabra\" href=\"https:\/\/www.iagua.es\/universitat-pompeu-fabra\">Universitat Pompeu Fabra<\/a>, elaboraron un poster refiri\u00e9ndose al modelo de la <a class=\"alinks-link\" title=\"Comunitat Minera Olesana\" href=\"https:\/\/www.iagua.es\/comunitat-minera-olesan\">Comunitat Minera Olesana<\/a> y al partenariado establecido con la Municipalidad Provincial de Anta (Cusco,<a class=\"alinks-link\" title=\"Per\u00fa\" href=\"https:\/\/www.iagua.es\/peru\">Per\u00fa<\/a>), tambi\u00e9n con la participaci\u00f3n del Ayuntamiento de Olesa de <a class=\"alinks-link\" title=\"Montserrat\" href=\"https:\/\/www.iagua.es\/montserrat\">Montserrat<\/a>.<\/p>\n<p class=\"\">El intercambio de experiencias con la CMO durante la visita de los representantes de Anta a Olesa, as\u00ed como los cursos de especializaci\u00f3n recibidos por los t\u00e9cnicos, ha permitido la planificaci\u00f3n de un modelo de gesti\u00f3n del agua en Anta adaptando partes del modelo de la CMO a la realidad del municipio peruano.<\/p>\n<p class=\"\"><a href=\"http:\/\/www.cmineraolesana.cat\/ca\/downloads2\/poster-aigua.pdf\"><em><strong>Descargar el p\u00f3ster aqu\u00ed<\/strong><\/em><\/a><\/p>\n","protected":false},"excerpt":{"rendered":"<p>El pasado mes de junio se celebr\u00f3 en Terrassa (Barcelona) el I Congreso Internacional del Agua y Sostenibilidad. Esta primera edici\u00f3n tuvo como t\u00edtulo y tema central &#8216;Tecnolog\u00eda y acceso al agua&#8217;, y tuvo como principales objetivos la generaci\u00f3n de un espacio de debate y reflexi\u00f3n sobre el agua y su relevancia en el entorno,&#8230;<\/p>\n","protected":false},"author":2,"featured_media":428,"comment_status":"open","ping_status":"open","sticky":false,"template":"","format":"standard","meta":[],"categories":[9],"tags":[12],"_links":{"self":[{"href":"http:\/\/aigua.coop\/es\/wp-json\/wp\/v2\/posts\/434"}],"collection":[{"href":"http:\/\/aigua.coop\/es\/wp-json\/wp\/v2\/posts"}],"about":[{"href":"http:\/\/aigua.coop\/es\/wp-json\/wp\/v2\/types\/post"}],"author":[{"embeddable":true,"href":"http:\/\/aigua.coop\/es\/wp-json\/wp\/v2\/users\/2"}],"replies":[{"embeddable":true,"href":"http:\/\/aigua.coop\/es\/wp-json\/wp\/v2\/comments?post=434"}],"version-history":[{"count":2,"href":"http:\/\/aigua.coop\/es\/wp-json\/wp\/v2\/posts\/434\/revisions"}],"predecessor-version":[{"id":436,"href":"http:\/\/aigua.coop\/es\/wp-json\/wp\/v2\/posts\/434\/revisions\/436"}],"wp:featuredmedia":[{"embeddable":true,"href":"http:\/\/aigua.coop\/es\/wp-json\/wp\/v2\/media\/428"}],"wp:attachment":[{"href":"http:\/\/aigua.coop\/es\/wp-json\/wp\/v2\/media?parent=434"}],"wp:term":[{"taxonomy":"category","embeddable":true,"href":"http:\/\/aigua.coop\/es\/wp-json\/wp\/v2\/categories?post=434"},{"taxonomy":"post_tag","embeddable":true,"href":"http:\/\/aigua.coop\/es\/wp-json\/wp\/v2\/tags?post=434"}],"curies":[{"name":"wp","href":"https:\/\/api.w.org\/{rel}","templated":true}]}}