{"id":752,"date":"2019-03-08T13:38:06","date_gmt":"2019-03-08T13:38:06","guid":{"rendered":"http:\/\/aigua.coop\/es\/?p=752"},"modified":"2019-03-08T13:40:48","modified_gmt":"2019-03-08T13:40:48","slug":"la-comunitat-minera-olesana-inaugura-la-exposicion-agua-y-economia-social","status":"publish","type":"post","link":"http:\/\/aigua.coop\/es\/noticies\/la-comunitat-minera-olesana-inaugura-la-exposicion-agua-y-economia-social\/","title":{"rendered":"La Comunitat Minera Olesana inaugura la exposici\u00f3n &#8220;Agua y Econom\u00eda Social&#8221;"},"content":{"rendered":"<p><strong>La Sala de Exposiciones de la Casa de Cultura de Olesa de Montserrat acogi\u00f3 el pasado 1 de marzo la inauguraci\u00f3n de la exposici\u00f3n &#8216;Agua y Econom\u00eda Social: 150 a\u00f1os de la Comunidad Minera Olesana<\/strong>&#8216;, creada en el marco de los actos de celebraci\u00f3n del 150\u00ba aniversario de la &#8216;cooperativa del agua&#8217;. En una sala completamente llena, los encargados de dar el pistoletazo de salida a la muestra han sido el presidente de la CMO, Joan Ar\u00e9valo; el regidor de Cultura del Ayuntamiento de Olesa, Xavier Rota; \u00a0la alcaldesa del municipio, Pilar Puidemon. Los tres han coincidido en resaltar la vinculaci\u00f3n del agua y la CMO con Olesa de Montserrat.\u00a0<strong>La exposici\u00f3n, promovida por el Ayuntamiento de Olesa de Montserrat y que cuenta con la colaboraci\u00f3n de la Comunitat Minera Olesana, se podr\u00e1 visitar de forma gratuita hasta el pr\u00f3ximo 31 de marzo.<\/strong><\/p>\n<div><\/div>\n<div>La exposici\u00f3n, que tiene una voluntad divulgativa, permite al visitante hacer un recorrido por la historia de la &#8216;cooperativa del agua&#8217;, una entidad singular en Catalu\u00f1a,\u00a0<strong>as\u00ed como descubrir su funcionamiento, conocer de cerca el mundo de la econom\u00eda social y el cooperativismo, y tomar conciencia sobre el uso que hacen los olesanos del agua.\u00a0<\/strong>De hecho, la muestra se enmarca tambi\u00e9n dentro de los actos de celebraci\u00f3n del D\u00eda Mundial del Agua, que se celebra el 22 de marzo y que este a\u00f1o tiene como lema &#8216;El uso del pl\u00e1stico, su impacto y qu\u00e9 haces t\u00fa para minimizar los efectos&#8217;.<\/div>\n<div><\/div>\n<div>\n<p>En el turno de parlamentos inaugurales, Joan Ar\u00e9valo, presidente de la Comunitat Minera Olesana, ha detallado que &#8220;la exposici\u00f3n permite a los visitantes hacer un recorrido por los 150 a\u00f1os de vida de la cooperativa del agua&#8221;. De esta manera, para Ar\u00e9valo, visitar la muestra supone una oportunidad para\u00a0<strong>&#8220;descubrir c\u00f3mo la Comunitat Minera Olesana se ha ido adaptando a los nuevos tiempos y las nuevas situaciones&#8221;, siempre con el objetivo final de garantizar un suministro de agua de gran calidad.<\/strong><\/p>\n<p>Adem\u00e1s, Ar\u00e9valo ha explicado que, de un tiempo a esta parte, Olesa ya no solo es conocida por La Passi\u00f3, su emblem\u00e1tico teatro, y por un aceite de oliva de grandes propiedades, sino tambi\u00e9n &#8220;por el sistema de gesti\u00f3n del agua&#8221; que ofrece la Comunitat Minera Olesana.<\/p>\n<p><strong>La alcaldesa de Olesa, Pilar Puidemon, ha destacado el hecho de que el suministro del agua en el municipio recaiga actualmente en una entidad que &#8220;cuenta con m\u00e1s de 10.000 socios y socias que, y que, por lo tanto, es de todos los olesanos&#8221;.\u00a0<\/strong>Para Puidemon, la muestra es una herramienta &#8220;muy bien hecha e ideada&#8221; que sirve para explicar a la ciudadan\u00eda &#8220;el qu\u00e9 y el c\u00f3mo de los 150 a\u00f1os de vida de la Comunitat Minera Olesana&#8221;. Seg\u00fan la alcaldesa, la cooperativa del agua ha sabido &#8220;adaptarse a los nuevos tiempos&#8221; incorporando valores como el &#8220;ahorro, la eficiencia y el respecto al medio ambiente&#8221; en su ADN.<\/p>\n<p>Durante el acto tambi\u00e9n ha intervenido Xavier Rota, regidor de Cultura del Ayuntamiento de Olesa, que ha asegurado que &#8220;tanto el agua como la Comunitat Minera Olesana son un patrimonio de todo Olesa&#8221;.\u00a0<strong>En este sentido, Rota ha recordado que una de las teor\u00edas sobre el origen del top\u00f3nimo de Olesa asegura que procede de agua.<\/strong><\/p>\n<p><strong>La trayectoria de la CMO, hecha exposici\u00f3n<\/strong><\/p>\n<p>La muestra cuenta de cuatro espacios:\u00a0<strong>&#8220;El agua en el mundo&#8221; destinado a destacar la importancia de esta sustancia por la vida del ser humano y a denunciar su mal uso; &#8220;150 a\u00f1os de historia&#8221;<\/strong>, que muestra la evoluci\u00f3n de la actual cooperativa durante sus 150 a\u00f1os de trayectoria: &#8220;La Comunitat Minera Olesana, hoy&#8221;, que se adentra en el estado actual y el funcionamiento de la Comunitat Minera Olesana; y &#8220;Econom\u00eda Social&#8221;, enfocado a divulgar los beneficios de seguir el modelo cooperativo.<\/p>\n<p><strong>Y es que, cada vez que abrimos el grifo de casa, se produce un hecho extraordinario: sale agua.\u00a0<\/strong>Detr\u00e1s de este gesto, sin embargo, se esconde un engranaje complejo. En Olesa de Montserrat, quien lo hace girar es una cooperativa. Con una familia de m\u00e1s de 10.000 socios y 150 a\u00f1os de experiencia, la cooperativa del agua trabaja intensamente con una premisa clara: luchar para ofrecer a los olesanos un agua con todas las garant\u00edas de calidad bajo los valores de la econom\u00eda social.<\/p>\n<p>La exposici\u00f3n &#8220;Agua i Econom\u00eda Social: 150 a\u00f1os de la Comunitat Minera Olesana&#8221;, organizada conjuntament por la CMO y el Ayuntamiento de Olesa de Montserrat,\u00a0<strong>se podr\u00e1 visitar de forma gratuita del 1 al 31 de marzo en la Sala de Exposiciones de la Casa de Cultura.<\/strong><\/p>\n<\/div>\n<p>&nbsp;<\/p>\n<p>&nbsp;<\/p>\n","protected":false},"excerpt":{"rendered":"<p>La Sala de Exposiciones de la Casa de Cultura de Olesa de Montserrat acogi\u00f3 el pasado 1 de marzo la inauguraci\u00f3n de la exposici\u00f3n &#8216;Agua y Econom\u00eda Social: 150 a\u00f1os de la Comunidad Minera Olesana&#8216;, creada en el marco de los actos de celebraci\u00f3n del 150\u00ba aniversario de la &#8216;cooperativa del agua&#8217;. En una sala&#8230;<\/p>\n","protected":false},"author":2,"featured_media":750,"comment_status":"open","ping_status":"open","sticky":false,"template":"","format":"standard","meta":[],"categories":[3],"tags":[],"_links":{"self":[{"href":"http:\/\/aigua.coop\/es\/wp-json\/wp\/v2\/posts\/752"}],"collection":[{"href":"http:\/\/aigua.coop\/es\/wp-json\/wp\/v2\/posts"}],"about":[{"href":"http:\/\/aigua.coop\/es\/wp-json\/wp\/v2\/types\/post"}],"author":[{"embeddable":true,"href":"http:\/\/aigua.coop\/es\/wp-json\/wp\/v2\/users\/2"}],"replies":[{"embeddable":true,"href":"http:\/\/aigua.coop\/es\/wp-json\/wp\/v2\/comments?post=752"}],"version-history":[{"count":4,"href":"http:\/\/aigua.coop\/es\/wp-json\/wp\/v2\/posts\/752\/revisions"}],"predecessor-version":[{"id":756,"href":"http:\/\/aigua.coop\/es\/wp-json\/wp\/v2\/posts\/752\/revisions\/756"}],"wp:featuredmedia":[{"embeddable":true,"href":"http:\/\/aigua.coop\/es\/wp-json\/wp\/v2\/media\/750"}],"wp:attachment":[{"href":"http:\/\/aigua.coop\/es\/wp-json\/wp\/v2\/media?parent=752"}],"wp:term":[{"taxonomy":"category","embeddable":true,"href":"http:\/\/aigua.coop\/es\/wp-json\/wp\/v2\/categories?post=752"},{"taxonomy":"post_tag","embeddable":true,"href":"http:\/\/aigua.coop\/es\/wp-json\/wp\/v2\/tags?post=752"}],"curies":[{"name":"wp","href":"https:\/\/api.w.org\/{rel}","templated":true}]}}